{"id":3657,"date":"2025-06-15T13:17:30","date_gmt":"2025-06-15T13:17:30","guid":{"rendered":"https:\/\/esprit-sociologie.org\/?p=3657"},"modified":"2026-03-15T14:37:19","modified_gmt":"2026-03-15T14:37:19","slug":"de-retour-du-costa-rica","status":"publish","type":"post","link":"https:\/\/esprit-sociologie.org\/?p=3657","title":{"rendered":"2025 &#8211; De retour du Costa Rica"},"content":{"rendered":"\n<div class=\"wp-block-media-text is-stacked-on-mobile\"><figure class=\"wp-block-media-text__media\"><img loading=\"lazy\" decoding=\"async\" width=\"1024\" height=\"768\" src=\"https:\/\/esprit-sociologie.org\/wp-content\/uploads\/2025\/06\/20250220_112454-1-1024x768.jpg\" alt=\"\" class=\"wp-image-3661 size-full\" srcset=\"https:\/\/esprit-sociologie.org\/wp-content\/uploads\/2025\/06\/20250220_112454-1-1024x768.jpg 1024w, https:\/\/esprit-sociologie.org\/wp-content\/uploads\/2025\/06\/20250220_112454-1-300x225.jpg 300w, https:\/\/esprit-sociologie.org\/wp-content\/uploads\/2025\/06\/20250220_112454-1-768x576.jpg 768w, https:\/\/esprit-sociologie.org\/wp-content\/uploads\/2025\/06\/20250220_112454-1-1536x1152.jpg 1536w, https:\/\/esprit-sociologie.org\/wp-content\/uploads\/2025\/06\/20250220_112454-1-2048x1536.jpg 2048w, https:\/\/esprit-sociologie.org\/wp-content\/uploads\/2025\/06\/20250220_112454-1-155x116.jpg 155w\" sizes=\"auto, (max-width: 1024px) 100vw, 1024px\" \/><\/figure><div class=\"wp-block-media-text__content\">\n<p><\/p>\n\n\n\n<p>J\u2019ai pass\u00e9 plus de deux mois (de f\u00e9vrier \u00e0 avril 2025) au Costa Rica o\u00f9 j\u2019ai r\u00e9alis\u00e9 une \u00ab&nbsp;ethnographie intensive&nbsp;\u00bb dans le plus grand jardin botanique d\u2019Am\u00e9rique centrale et latine, le Jardin botanique de Lankester. Ce jardin botanique de 11 hectares est propri\u00e9t\u00e9 de l\u2019Universit\u00e9 du Costa Rica et comporte, en son sein, un centre de recherche de pointe. ***<\/p>\n<\/div><\/div>\n\n\n\n<div data-wp-context=\"{ &quot;autoclose&quot;: false, &quot;accordionItems&quot;: [] }\" data-wp-interactive=\"core\/accordion\" role=\"group\" class=\"wp-block-accordion is-layout-flow wp-block-accordion-is-layout-flow\">\n<div data-wp-class--is-open=\"state.isOpen\" data-wp-context=\"{ &quot;id&quot;: &quot;accordion-item-1&quot;, &quot;openByDefault&quot;: false }\" data-wp-init=\"callbacks.initAccordionItems\" data-wp-on-window--hashchange=\"callbacks.hashChange\" class=\"wp-block-accordion-item is-layout-flow wp-block-accordion-item-is-layout-flow\">\n<h3 class=\"wp-block-accordion-heading\"><button aria-expanded=\"false\" aria-controls=\"accordion-item-1-panel\" data-wp-bind--aria-expanded=\"state.isOpen\" data-wp-on--click=\"actions.toggle\" data-wp-on--keydown=\"actions.handleKeyDown\" id=\"accordion-item-1\" type=\"button\" class=\"wp-block-accordion-heading__toggle\"><span class=\"wp-block-accordion-heading__toggle-title\"><\/span><span class=\"wp-block-accordion-heading__toggle-icon\" aria-hidden=\"true\">+<\/span><\/button><\/h3>\n\n\n\n<div inert aria-labelledby=\"accordion-item-1\" data-wp-bind--inert=\"!state.isOpen\" id=\"accordion-item-1-panel\" role=\"region\" class=\"wp-block-accordion-panel is-layout-flow wp-block-accordion-panel-is-layout-flow\">\n<p><\/p>\n<\/div>\n<\/div>\n<\/div>\n\n\n\n<p><em>I spent two months in Costa Rica (from Feb to April 2025), where I carried out \u2018intensive ethnographic fieldwork\u2019 at the largest botanical garden in Central and Latin America, the Lankester Botanical Garden. This 11-hectare botanical garden is owned by the University of Costa Rica and houses a state-of-the-art research centre.<\/em><\/p>\n\n\n\n<p><\/p>\n","protected":false},"excerpt":{"rendered":"<p>J\u2019ai pass\u00e9 plus de deux mois (de f\u00e9vrier \u00e0 avril 2025) au Costa Rica o\u00f9 j\u2019ai r\u00e9alis\u00e9 une \u00ab&nbsp;ethnographie intensive&nbsp;\u00bb dans le plus grand jardin botanique d\u2019Am\u00e9rique centrale et latine, le Jardin botanique de Lankester. Ce jardin botanique de 11 hectares est propri\u00e9t\u00e9 de l\u2019Universit\u00e9 du Costa Rica et comporte, en son sein, un centre de recherche de pointe. *** I spent two months in Costa Rica (from Feb to April 2025), where I carried out \u2018intensive ethnographic fieldwork\u2019 at&hellip;<\/p>\n","protected":false},"author":1,"featured_media":0,"comment_status":"closed","ping_status":"open","sticky":false,"template":"","format":"standard","meta":{"om_disable_all_campaigns":false,"_uag_custom_page_level_css":"","_monsterinsights_skip_tracking":false,"_monsterinsights_sitenote_active":false,"_monsterinsights_sitenote_note":"","_monsterinsights_sitenote_category":0,"footnotes":""},"categories":[18],"tags":[],"class_list":["post-3657","post","type-post","status-publish","format-standard","hentry","category-actualites"],"aioseo_notices":[],"uagb_featured_image_src":{"full":false,"thumbnail":false,"medium":false,"medium_large":false,"large":false,"1536x1536":false,"2048x2048":false,"portfolio":false,"form-edit-image-preview":false},"uagb_author_info":{"display_name":"Tania.Angeloff@univ-paris1.fr","author_link":"https:\/\/esprit-sociologie.org\/?author=1"},"uagb_comment_info":20,"uagb_excerpt":"J\u2019ai pass\u00e9 plus de deux mois (de f\u00e9vrier \u00e0 avril 2025) au Costa Rica o\u00f9 j\u2019ai r\u00e9alis\u00e9 une \u00ab&nbsp;ethnographie intensive&nbsp;\u00bb dans le plus grand jardin botanique d\u2019Am\u00e9rique centrale et latine, le Jardin botanique de Lankester. Ce jardin botanique de 11 hectares est propri\u00e9t\u00e9 de l\u2019Universit\u00e9 du Costa Rica et comporte, en son sein, un centre\u2026","_links":{"self":[{"href":"https:\/\/esprit-sociologie.org\/index.php?rest_route=\/wp\/v2\/posts\/3657","targetHints":{"allow":["GET"]}}],"collection":[{"href":"https:\/\/esprit-sociologie.org\/index.php?rest_route=\/wp\/v2\/posts"}],"about":[{"href":"https:\/\/esprit-sociologie.org\/index.php?rest_route=\/wp\/v2\/types\/post"}],"author":[{"embeddable":true,"href":"https:\/\/esprit-sociologie.org\/index.php?rest_route=\/wp\/v2\/users\/1"}],"replies":[{"embeddable":true,"href":"https:\/\/esprit-sociologie.org\/index.php?rest_route=%2Fwp%2Fv2%2Fcomments&post=3657"}],"version-history":[{"count":13,"href":"https:\/\/esprit-sociologie.org\/index.php?rest_route=\/wp\/v2\/posts\/3657\/revisions"}],"predecessor-version":[{"id":3714,"href":"https:\/\/esprit-sociologie.org\/index.php?rest_route=\/wp\/v2\/posts\/3657\/revisions\/3714"}],"wp:attachment":[{"href":"https:\/\/esprit-sociologie.org\/index.php?rest_route=%2Fwp%2Fv2%2Fmedia&parent=3657"}],"wp:term":[{"taxonomy":"category","embeddable":true,"href":"https:\/\/esprit-sociologie.org\/index.php?rest_route=%2Fwp%2Fv2%2Fcategories&post=3657"},{"taxonomy":"post_tag","embeddable":true,"href":"https:\/\/esprit-sociologie.org\/index.php?rest_route=%2Fwp%2Fv2%2Ftags&post=3657"}],"curies":[{"name":"wp","href":"https:\/\/api.w.org\/{rel}","templated":true}]}}